{"id":123,"date":"2025-04-22T14:13:34","date_gmt":"2025-04-22T14:13:34","guid":{"rendered":"https:\/\/ithink.es\/?p=123"},"modified":"2025-04-22T14:17:47","modified_gmt":"2025-04-22T14:17:47","slug":"plan-de-accion-de-salud-mental-2025-2027-un-compromiso-firme-con-el-bienestar-psicologico","status":"publish","type":"post","link":"https:\/\/ithink.es\/?p=123","title":{"rendered":"Plan de Acci\u00f3n de Salud Mental 2025-2027: Un compromiso firme con el bienestar psicol\u00f3gico"},"content":{"rendered":"\n<p>El Ministerio de Sanidad de Espa\u00f1a ha aprobado el <strong>Plan de Acci\u00f3n de Salud Mental 2025-2027<\/strong>, con una inversi\u00f3n de <strong>39 millones de euros<\/strong>. Este plan marca un paso decisivo hacia un modelo m\u00e1s humanizado, accesible y centrado en los derechos de las personas con problemas de salud mental.<\/p>\n\n\n\n<p>A continuaci\u00f3n, se detallan sus <strong>ocho l\u00edneas estrat\u00e9gicas<\/strong> clave:<\/p>\n\n\n\n<h3 class=\"wp-block-heading\">1. Refuerzo de los recursos humanos<\/h3>\n\n\n\n<ul class=\"wp-block-list\">\n<li>Aumento de profesionales especializados en salud mental.<\/li>\n\n\n\n<li>Nuevas plazas de formaci\u00f3n especializada (MIR, PIR, EIR).<\/li>\n\n\n\n<li>Creaci\u00f3n de un <strong>Diploma de Psicoterapia<\/strong> para mejorar la cualificaci\u00f3n de los profesionales.<\/li>\n<\/ul>\n\n\n\n<h3 class=\"wp-block-heading\">2. Impulso a la atenci\u00f3n comunitaria<\/h3>\n\n\n\n<ul class=\"wp-block-list\">\n<li>Fomento de la atenci\u00f3n domiciliaria y hospitalizaci\u00f3n abierta.<\/li>\n\n\n\n<li>Implementaci\u00f3n de <strong>casas de crisis<\/strong> como alternativa a la institucionalizaci\u00f3n tradicional.<\/li>\n<\/ul>\n\n\n\n<h3 class=\"wp-block-heading\">3. Modelo centrado en derechos humanos<\/h3>\n\n\n\n<ul class=\"wp-block-list\">\n<li>Reducci\u00f3n de la contenci\u00f3n mec\u00e1nica.<\/li>\n\n\n\n<li>Promoci\u00f3n de la <strong>planificaci\u00f3n anticipada de decisiones cl\u00ednicas<\/strong>.<\/li>\n\n\n\n<li>Mejora en la calidad del trato y la dignidad de los pacientes.<\/li>\n<\/ul>\n\n\n\n<h3 class=\"wp-block-heading\">4. Uso racional de psicof\u00e1rmacos<\/h3>\n\n\n\n<ul class=\"wp-block-list\">\n<li>Desarrollo de una <strong>Gu\u00eda de Pr\u00e1ctica Cl\u00ednica<\/strong> para una prescripci\u00f3n adecuada.<\/li>\n\n\n\n<li>Promoci\u00f3n del consentimiento informado y terapias basadas en evidencia.<\/li>\n<\/ul>\n\n\n\n<h3 class=\"wp-block-heading\">5. Atenci\u00f3n a colectivos vulnerables<\/h3>\n\n\n\n<ul class=\"wp-block-list\">\n<li>Acceso prioritario a servicios de salud mental para:\n<ul class=\"wp-block-list\">\n<li>Personas mayores.<\/li>\n\n\n\n<li>V\u00edctimas de violencia de g\u00e9nero.<\/li>\n\n\n\n<li>Personas en exclusi\u00f3n social y migrantes.<\/li>\n<\/ul>\n<\/li>\n<\/ul>\n\n\n\n<h3 class=\"wp-block-heading\">6. Enfoque en salud mental perinatal, infantil y adolescente<\/h3>\n\n\n\n<ul class=\"wp-block-list\">\n<li>Creaci\u00f3n de grupos expertos en salud mental infantojuvenil.<\/li>\n\n\n\n<li>Acciones de prevenci\u00f3n y promoci\u00f3n desde el embarazo hasta la adolescencia.<\/li>\n<\/ul>\n\n\n\n<h3 class=\"wp-block-heading\">7. Mejora de los sistemas de informaci\u00f3n<\/h3>\n\n\n\n<ul class=\"wp-block-list\">\n<li>Actualizaci\u00f3n de indicadores y estad\u00edsticas de salud mental.<\/li>\n\n\n\n<li>Fortalecimiento de la <strong>vigilancia epidemiol\u00f3gica<\/strong> en este \u00e1mbito.<\/li>\n<\/ul>\n\n\n\n<h3 class=\"wp-block-heading\">8. Salud mental en el \u00e1mbito laboral<\/h3>\n\n\n\n<ul class=\"wp-block-list\">\n<li>Elaboraci\u00f3n de gu\u00edas para identificar riesgos psicosociales.<\/li>\n\n\n\n<li>Enfoque especial en profesionales sanitarios, un colectivo altamente expuesto.<\/li>\n<\/ul>\n\n\n\n<hr class=\"wp-block-separator has-alpha-channel-opacity\"\/>\n\n\n\n<p>Este plan ha sido elaborado de forma colaborativa con comunidades aut\u00f3nomas, sociedades cient\u00edficas, asociaciones de usuarios y familiares, as\u00ed como expertos con experiencia propia.<\/p>\n\n\n\n<p>Su objetivo: construir un sistema de salud mental m\u00e1s eficaz, justo y centrado en las personas.<\/p>\n","protected":false},"excerpt":{"rendered":"<p>El Ministerio de Sanidad de Espa\u00f1a ha aprobado el Plan de Acci\u00f3n de Salud Mental 2025-2027, con una inversi\u00f3n de 39 millones de euros. Este plan marca un paso decisivo hacia un modelo m\u00e1s humanizado, accesible y centrado en los derechos de las personas con problemas de salud mental. A continuaci\u00f3n, se detallan sus ocho<\/p>\n","protected":false},"author":2,"featured_media":0,"comment_status":"open","ping_status":"open","sticky":false,"template":"","format":"standard","meta":{"footnotes":""},"categories":[3],"tags":[],"class_list":["post-123","post","type-post","status-publish","format-standard","hentry","category-informacions"],"_links":{"self":[{"href":"https:\/\/ithink.es\/index.php?rest_route=\/wp\/v2\/posts\/123","targetHints":{"allow":["GET"]}}],"collection":[{"href":"https:\/\/ithink.es\/index.php?rest_route=\/wp\/v2\/posts"}],"about":[{"href":"https:\/\/ithink.es\/index.php?rest_route=\/wp\/v2\/types\/post"}],"author":[{"embeddable":true,"href":"https:\/\/ithink.es\/index.php?rest_route=\/wp\/v2\/users\/2"}],"replies":[{"embeddable":true,"href":"https:\/\/ithink.es\/index.php?rest_route=%2Fwp%2Fv2%2Fcomments&post=123"}],"version-history":[{"count":2,"href":"https:\/\/ithink.es\/index.php?rest_route=\/wp\/v2\/posts\/123\/revisions"}],"predecessor-version":[{"id":125,"href":"https:\/\/ithink.es\/index.php?rest_route=\/wp\/v2\/posts\/123\/revisions\/125"}],"wp:attachment":[{"href":"https:\/\/ithink.es\/index.php?rest_route=%2Fwp%2Fv2%2Fmedia&parent=123"}],"wp:term":[{"taxonomy":"category","embeddable":true,"href":"https:\/\/ithink.es\/index.php?rest_route=%2Fwp%2Fv2%2Fcategories&post=123"},{"taxonomy":"post_tag","embeddable":true,"href":"https:\/\/ithink.es\/index.php?rest_route=%2Fwp%2Fv2%2Ftags&post=123"}],"curies":[{"name":"wp","href":"https:\/\/api.w.org\/{rel}","templated":true}]}}