{"id":128,"date":"2025-04-22T14:41:09","date_gmt":"2025-04-22T14:41:09","guid":{"rendered":"https:\/\/ithink.es\/?p=128"},"modified":"2025-04-22T14:41:10","modified_gmt":"2025-04-22T14:41:10","slug":"cambios-en-la-jubilacion-en-espana-a-partir-de-abril-de-2025","status":"publish","type":"post","link":"https:\/\/ithink.es\/?p=128","title":{"rendered":"Cambios en la jubilaci\u00f3n en Espa\u00f1a a partir de abril de 2025"},"content":{"rendered":"\n<p>El Ministerio de Inclusi\u00f3n, Seguridad Social y Migraciones ha anunciado tres importantes novedades en el sistema de pensiones que entran en vigor este mes de abril de 2025. Estas medidas buscan adaptar el modelo de jubilaci\u00f3n a una sociedad cada vez m\u00e1s longeva, fomentando la permanencia activa en el mercado laboral y premiando las carreras de cotizaci\u00f3n m\u00e1s largas.<\/p>\n\n\n\n<h3 class=\"wp-block-heading\">Jubilaci\u00f3n demorada m\u00e1s atractiva<\/h3>\n\n\n\n<p>Se mejoran los incentivos para quienes opten por retrasar voluntariamente su jubilaci\u00f3n m\u00e1s all\u00e1 de la edad ordinaria. A partir de ahora, los trabajadores que elijan esta opci\u00f3n podr\u00e1n beneficiarse de un incremento del 4% en su pensi\u00f3n por cada a\u00f1o adicional trabajado, o recibir un pago \u00fanico acumulado, que puede superar los 12.000 euros seg\u00fan el tiempo de demora.<\/p>\n\n\n\n<h3 class=\"wp-block-heading\">Revisi\u00f3n de la jubilaci\u00f3n parcial<\/h3>\n\n\n\n<p>Los requisitos para acceder a la jubilaci\u00f3n parcial sin contrato de relevo se flexibilizan, permitiendo que m\u00e1s personas puedan acogerse a esta modalidad, especialmente en sectores donde el relevo generacional es dif\u00edcil de implementar. Esto permitir\u00e1 compatibilizar el cobro parcial de la pensi\u00f3n con un empleo a tiempo parcial.<\/p>\n\n\n\n<h3 class=\"wp-block-heading\">Jubilaci\u00f3n activa: combinar pensi\u00f3n y trabajo<\/h3>\n\n\n\n<p>Se ampl\u00eda el n\u00famero de actividades profesionales compatibles con la pensi\u00f3n de jubilaci\u00f3n activa. A partir de abril, aut\u00f3nomos y profesionales liberales podr\u00e1n seguir trabajando a tiempo completo o parcial sin renunciar a su pensi\u00f3n, siempre que hayan alcanzado la edad legal y tengan el 100% de la base reguladora.<\/p>\n\n\n\n<p>Estas reformas tienen como objetivo hacer m\u00e1s sostenible el sistema de pensiones y adaptarlo a los cambios demogr\u00e1ficos, garantizando una transici\u00f3n m\u00e1s flexible entre vida laboral y jubilaci\u00f3n.<\/p>\n","protected":false},"excerpt":{"rendered":"<p>El Ministerio de Inclusi\u00f3n, Seguridad Social y Migraciones ha anunciado tres importantes novedades en el sistema de pensiones que entran en vigor este mes de abril de 2025. Estas medidas buscan adaptar el modelo de jubilaci\u00f3n a una sociedad cada vez m\u00e1s longeva, fomentando la permanencia activa en el mercado laboral y premiando las carreras<\/p>\n","protected":false},"author":1,"featured_media":0,"comment_status":"open","ping_status":"open","sticky":false,"template":"","format":"standard","meta":{"footnotes":""},"categories":[3],"tags":[],"class_list":["post-128","post","type-post","status-publish","format-standard","hentry","category-informacions"],"_links":{"self":[{"href":"https:\/\/ithink.es\/index.php?rest_route=\/wp\/v2\/posts\/128","targetHints":{"allow":["GET"]}}],"collection":[{"href":"https:\/\/ithink.es\/index.php?rest_route=\/wp\/v2\/posts"}],"about":[{"href":"https:\/\/ithink.es\/index.php?rest_route=\/wp\/v2\/types\/post"}],"author":[{"embeddable":true,"href":"https:\/\/ithink.es\/index.php?rest_route=\/wp\/v2\/users\/1"}],"replies":[{"embeddable":true,"href":"https:\/\/ithink.es\/index.php?rest_route=%2Fwp%2Fv2%2Fcomments&post=128"}],"version-history":[{"count":1,"href":"https:\/\/ithink.es\/index.php?rest_route=\/wp\/v2\/posts\/128\/revisions"}],"predecessor-version":[{"id":129,"href":"https:\/\/ithink.es\/index.php?rest_route=\/wp\/v2\/posts\/128\/revisions\/129"}],"wp:attachment":[{"href":"https:\/\/ithink.es\/index.php?rest_route=%2Fwp%2Fv2%2Fmedia&parent=128"}],"wp:term":[{"taxonomy":"category","embeddable":true,"href":"https:\/\/ithink.es\/index.php?rest_route=%2Fwp%2Fv2%2Fcategories&post=128"},{"taxonomy":"post_tag","embeddable":true,"href":"https:\/\/ithink.es\/index.php?rest_route=%2Fwp%2Fv2%2Ftags&post=128"}],"curies":[{"name":"wp","href":"https:\/\/api.w.org\/{rel}","templated":true}]}}