{"id":130,"date":"2025-04-22T14:42:14","date_gmt":"2025-04-22T14:42:14","guid":{"rendered":"https:\/\/ithink.es\/?p=130"},"modified":"2025-04-22T14:42:14","modified_gmt":"2025-04-22T14:42:14","slug":"polemica-politica-por-el-aumento-del-gasto-militar-en-espana","status":"publish","type":"post","link":"https:\/\/ithink.es\/?p=130","title":{"rendered":"Pol\u00e9mica pol\u00edtica por el aumento del gasto militar en Espa\u00f1a"},"content":{"rendered":"\n<p>El nuevo <strong>Plan de Seguridad Nacional 2025<\/strong>, aprobado recientemente por el Consejo de Ministros, ha desatado un intenso debate pol\u00edtico. El plan contempla un aumento sustancial del gasto en defensa, elevando la inversi\u00f3n a <strong>10.471 millones de euros<\/strong>, lo que representa un 9% m\u00e1s respecto al a\u00f1o anterior.<\/p>\n\n\n\n<h3 class=\"wp-block-heading\">Argumentos del Gobierno<\/h3>\n\n\n\n<p>El presidente Pedro S\u00e1nchez defiende esta decisi\u00f3n como una necesidad estrat\u00e9gica para garantizar la soberan\u00eda nacional y cumplir con los compromisos internacionales asumidos por Espa\u00f1a en el marco de la OTAN y la Uni\u00f3n Europea. Seg\u00fan el Gobierno, en un contexto geopol\u00edtico inestable, con conflictos activos en Europa del Este y tensiones en Oriente Medio, Espa\u00f1a debe reforzar sus capacidades defensivas.<\/p>\n\n\n\n<h3 class=\"wp-block-heading\">Reacciones de los socios de izquierda<\/h3>\n\n\n\n<p>El partido <strong>Sumar<\/strong>, liderado por Yolanda D\u00edaz, ha manifestado su disconformidad con el aumento, calific\u00e1ndolo de \u201cexorbitado\u201d y \u201calejado de las prioridades reales de la ciudadan\u00eda, como la sanidad, la educaci\u00f3n y la transici\u00f3n ecol\u00f3gica\u201d. Por su parte, <strong>Podemos<\/strong>, a trav\u00e9s de su secretaria general Ione Belarra, ha sido a\u00fan m\u00e1s contundente: \u201cEste plan instala a Espa\u00f1a en una l\u00f3gica de guerra, cuando deber\u00edamos apostar por la paz y la diplomacia\u201d.<\/p>\n\n\n\n<h3 class=\"wp-block-heading\">Debate social y \u00e9tico<\/h3>\n\n\n\n<p>Este plan tambi\u00e9n ha reabierto el debate sobre el papel de Espa\u00f1a en los conflictos internacionales, la industria armament\u00edstica nacional y el uso de recursos p\u00fablicos en tiempos de inflaci\u00f3n y crisis econ\u00f3mica. Organizaciones sociales y plataformas pacifistas han convocado movilizaciones en distintas ciudades del pa\u00eds para protestar contra el incremento del gasto militar.<\/p>\n\n\n\n<p>Este enfrentamiento interno refleja la tensi\u00f3n entre los sectores progresistas del Gobierno de coalici\u00f3n, y deja entrever posibles fracturas en futuras decisiones presupuestarias.<\/p>\n","protected":false},"excerpt":{"rendered":"<p>El nuevo Plan de Seguridad Nacional 2025, aprobado recientemente por el Consejo de Ministros, ha desatado un intenso debate pol\u00edtico. El plan contempla un aumento sustancial del gasto en defensa, elevando la inversi\u00f3n a 10.471 millones de euros, lo que representa un 9% m\u00e1s respecto al a\u00f1o anterior. Argumentos del Gobierno El presidente Pedro S\u00e1nchez<\/p>\n","protected":false},"author":1,"featured_media":0,"comment_status":"open","ping_status":"open","sticky":false,"template":"","format":"standard","meta":{"footnotes":""},"categories":[1],"tags":[],"class_list":["post-130","post","type-post","status-publish","format-standard","hentry","category-politica"],"_links":{"self":[{"href":"https:\/\/ithink.es\/index.php?rest_route=\/wp\/v2\/posts\/130","targetHints":{"allow":["GET"]}}],"collection":[{"href":"https:\/\/ithink.es\/index.php?rest_route=\/wp\/v2\/posts"}],"about":[{"href":"https:\/\/ithink.es\/index.php?rest_route=\/wp\/v2\/types\/post"}],"author":[{"embeddable":true,"href":"https:\/\/ithink.es\/index.php?rest_route=\/wp\/v2\/users\/1"}],"replies":[{"embeddable":true,"href":"https:\/\/ithink.es\/index.php?rest_route=%2Fwp%2Fv2%2Fcomments&post=130"}],"version-history":[{"count":1,"href":"https:\/\/ithink.es\/index.php?rest_route=\/wp\/v2\/posts\/130\/revisions"}],"predecessor-version":[{"id":131,"href":"https:\/\/ithink.es\/index.php?rest_route=\/wp\/v2\/posts\/130\/revisions\/131"}],"wp:attachment":[{"href":"https:\/\/ithink.es\/index.php?rest_route=%2Fwp%2Fv2%2Fmedia&parent=130"}],"wp:term":[{"taxonomy":"category","embeddable":true,"href":"https:\/\/ithink.es\/index.php?rest_route=%2Fwp%2Fv2%2Fcategories&post=130"},{"taxonomy":"post_tag","embeddable":true,"href":"https:\/\/ithink.es\/index.php?rest_route=%2Fwp%2Fv2%2Ftags&post=130"}],"curies":[{"name":"wp","href":"https:\/\/api.w.org\/{rel}","templated":true}]}}