{"id":132,"date":"2025-04-22T14:42:41","date_gmt":"2025-04-22T14:42:41","guid":{"rendered":"https:\/\/ithink.es\/?p=132"},"modified":"2025-04-22T14:42:42","modified_gmt":"2025-04-22T14:42:42","slug":"vigo-acoge-el-mayor-congreso-de-ciberseguridad-de-galicia","status":"publish","type":"post","link":"https:\/\/ithink.es\/?p=132","title":{"rendered":"Vigo acoge el mayor Congreso de Ciberseguridad de Galicia"},"content":{"rendered":"\n<p>Vigo se convertir\u00e1 en la capital gallega de la ciberseguridad los d\u00edas <strong>25 y 26 de abril de 2025<\/strong>, al acoger el evento <strong>CIBER.gal<\/strong>, el mayor congreso del sector en la comunidad. Organizado por la Agencia para la Modernizaci\u00f3n Tecnol\u00f3gica de Galicia (Amtega), el evento contar\u00e1 con la colaboraci\u00f3n de grandes empresas tecnol\u00f3gicas, expertos en ciberseguridad y organismos p\u00fablicos.<\/p>\n\n\n\n<h3 class=\"wp-block-heading\">\u00bfQu\u00e9 ofrece el Congreso?<\/h3>\n\n\n\n<p>Durante dos d\u00edas, profesionales del sector, estudiantes, empresas y ciudadanos podr\u00e1n asistir a m\u00e1s de 30 actividades, entre charlas, talleres pr\u00e1cticos, paneles de discusi\u00f3n y demostraciones en vivo sobre c\u00f3mo protegerse de ataques inform\u00e1ticos.<\/p>\n\n\n\n<p>Entre los temas que se tratar\u00e1n destacan:<\/p>\n\n\n\n<ul class=\"wp-block-list\">\n<li>Inteligencia Artificial y su aplicaci\u00f3n en ciberseguridad<\/li>\n\n\n\n<li>Amenazas m\u00e1s comunes en 2025: ransomware, phishing y deepfakes<\/li>\n\n\n\n<li>Ciberseguridad en pymes y administraciones p\u00fablicas<\/li>\n\n\n\n<li>Educaci\u00f3n digital para menores y familias<\/li>\n<\/ul>\n\n\n\n<h3 class=\"wp-block-heading\">Participaci\u00f3n e impacto<\/h3>\n\n\n\n<p>La asistencia es gratuita previa inscripci\u00f3n, y se espera la participaci\u00f3n de m\u00e1s de 1.000 personas. El congreso no solo fomenta el intercambio de conocimiento t\u00e9cnico, sino tambi\u00e9n la sensibilizaci\u00f3n del p\u00fablico general sobre la importancia de una cultura digital segura.<\/p>\n\n\n\n<p>Vigo consolida as\u00ed su papel como referente tecnol\u00f3gico en el noroeste de Espa\u00f1a, y Galicia como una comunidad comprometida con la transformaci\u00f3n digital segura y responsable.<\/p>\n","protected":false},"excerpt":{"rendered":"<p>Vigo se convertir\u00e1 en la capital gallega de la ciberseguridad los d\u00edas 25 y 26 de abril de 2025, al acoger el evento CIBER.gal, el mayor congreso del sector en la comunidad. Organizado por la Agencia para la Modernizaci\u00f3n Tecnol\u00f3gica de Galicia (Amtega), el evento contar\u00e1 con la colaboraci\u00f3n de grandes empresas tecnol\u00f3gicas, expertos en<\/p>\n","protected":false},"author":1,"featured_media":0,"comment_status":"open","ping_status":"open","sticky":false,"template":"","format":"standard","meta":{"footnotes":""},"categories":[2],"tags":[],"class_list":["post-132","post","type-post","status-publish","format-standard","hentry","category-tecnologia"],"_links":{"self":[{"href":"https:\/\/ithink.es\/index.php?rest_route=\/wp\/v2\/posts\/132","targetHints":{"allow":["GET"]}}],"collection":[{"href":"https:\/\/ithink.es\/index.php?rest_route=\/wp\/v2\/posts"}],"about":[{"href":"https:\/\/ithink.es\/index.php?rest_route=\/wp\/v2\/types\/post"}],"author":[{"embeddable":true,"href":"https:\/\/ithink.es\/index.php?rest_route=\/wp\/v2\/users\/1"}],"replies":[{"embeddable":true,"href":"https:\/\/ithink.es\/index.php?rest_route=%2Fwp%2Fv2%2Fcomments&post=132"}],"version-history":[{"count":1,"href":"https:\/\/ithink.es\/index.php?rest_route=\/wp\/v2\/posts\/132\/revisions"}],"predecessor-version":[{"id":133,"href":"https:\/\/ithink.es\/index.php?rest_route=\/wp\/v2\/posts\/132\/revisions\/133"}],"wp:attachment":[{"href":"https:\/\/ithink.es\/index.php?rest_route=%2Fwp%2Fv2%2Fmedia&parent=132"}],"wp:term":[{"taxonomy":"category","embeddable":true,"href":"https:\/\/ithink.es\/index.php?rest_route=%2Fwp%2Fv2%2Fcategories&post=132"},{"taxonomy":"post_tag","embeddable":true,"href":"https:\/\/ithink.es\/index.php?rest_route=%2Fwp%2Fv2%2Ftags&post=132"}],"curies":[{"name":"wp","href":"https:\/\/api.w.org\/{rel}","templated":true}]}}