{"id":39,"date":"2025-04-21T14:35:35","date_gmt":"2025-04-21T14:35:35","guid":{"rendered":"https:\/\/ithink.es\/?p=39"},"modified":"2025-04-22T14:15:41","modified_gmt":"2025-04-22T14:15:41","slug":"espana-lidera-el-crecimiento-economico-en-europa-prevision-del-26-en-2025","status":"publish","type":"post","link":"https:\/\/ithink.es\/?p=39","title":{"rendered":"Espa\u00f1a lidera el crecimiento econ\u00f3mico en Europa: previsi\u00f3n del 2,6% en 2025"},"content":{"rendered":"\n<p><strong>La econom\u00eda espa\u00f1ola se encuentra en una trayectoria de crecimiento s\u00f3lida, posicion\u00e1ndose como una de las econom\u00edas m\u00e1s din\u00e1micas de Europa en 2025. La previsi\u00f3n de crecimiento del 2,6% destaca entre los pa\u00edses de la eurozona, impulsada por el consumo interno y la inversi\u00f3n.<br><\/strong><\/p>\n\n\n\n<p>En 2025, Espa\u00f1a se ha consolidado como uno de los motores del crecimiento econ\u00f3mico en Europa, con una previsi\u00f3n de aumento del Producto Interno Bruto (PIB) del 2,6%. Este resultado supera las expectativas de otras econom\u00edas europeas, destac\u00e1ndose como un faro de estabilidad y expansi\u00f3n dentro de la eurozona. La previsi\u00f3n ha sido recientemente actualizada por el Ministerio de Econom\u00eda espa\u00f1ol, que ha revisado al alza sus proyecciones debido a la positiva evoluci\u00f3n de varios sectores clave.<\/p>\n\n\n\n<p>Uno de los factores principales detr\u00e1s de este crecimiento es el robusto consumo de los hogares espa\u00f1oles, que ha experimentado una recuperaci\u00f3n sostenida desde el impacto de la pandemia. A medida que el poder adquisitivo de las familias se fortalece, la demanda interna sigue siendo un pilar fundamental de la expansi\u00f3n econ\u00f3mica. Los incrementos salariales y las pol\u00edticas de bienestar social han contribuido a un aumento en el consumo, lo que, a su vez, impulsa sectores como el comercio, los servicios y la construcci\u00f3n.<\/p>\n\n\n\n<p>Adem\u00e1s, la inversi\u00f3n sigue siendo un motor clave de la econom\u00eda espa\u00f1ola. En particular, las inversiones extranjeras directas han aumentado considerablemente, especialmente en \u00e1reas relacionadas con la innovaci\u00f3n tecnol\u00f3gica, la energ\u00eda renovable y la digitalizaci\u00f3n. Las pol\u00edticas gubernamentales orientadas a fomentar la inversi\u00f3n, tanto nacional como internacional, se han consolidado como un factor esencial para la atracci\u00f3n de capital extranjero. Esto se ve reflejado en el crecimiento de sectores emergentes, como el de las energ\u00edas limpias y las startups tecnol\u00f3gicas.<\/p>\n\n\n\n<p>En t\u00e9rminos de empleo, la previsi\u00f3n es igualmente positiva. Se espera que Espa\u00f1a cree m\u00e1s de un mill\u00f3n de nuevos puestos de trabajo en los pr\u00f3ximos dos a\u00f1os, lo que ayudar\u00e1 a reducir la tasa de desempleo y a mejorar la calidad de vida de millones de ciudadanos. Aunque el mercado laboral sigue enfrentando desaf\u00edos estructurales, como la temporalidad y la segmentaci\u00f3n, el crecimiento de la ocupaci\u00f3n se est\u00e1 logrando gracias a las reformas laborales implementadas en los \u00faltimos a\u00f1os.<\/p>\n\n\n\n<p>Otro factor que contribuye al crecimiento econ\u00f3mico de Espa\u00f1a es la solidez de su sector tur\u00edstico, que sigue siendo uno de los m\u00e1s importantes a nivel mundial. Espa\u00f1a contin\u00faa atrayendo millones de turistas, lo que tiene un impacto directo en la econom\u00eda, generando empleo en diversas industrias, desde la hoteler\u00eda hasta el transporte y los servicios. La recuperaci\u00f3n post-pandemia en este sector ha sido m\u00e1s r\u00e1pida de lo que se esperaba, impulsada por una fuerte demanda tanto de turistas nacionales como internacionales.<\/p>\n\n\n\n<p>Sin embargo, no todo es positivo. El informe tambi\u00e9n menciona los desaf\u00edos que Espa\u00f1a deber\u00e1 afrontar en los pr\u00f3ximos a\u00f1os. A pesar de la tasa de crecimiento elevada, la econom\u00eda espa\u00f1ola todav\u00eda enfrenta riesgos, como la inflaci\u00f3n global, el aumento de los costos de energ\u00eda y las tensiones geopol\u00edticas. Estos factores pueden afectar la competitividad de los productos y servicios espa\u00f1oles en los mercados internacionales, lo que obliga a las autoridades a seguir implementando medidas de apoyo a la industria y el sector exportador.<\/p>\n\n\n\n<p>En el \u00e1mbito de la deuda p\u00fablica, Espa\u00f1a sigue mostrando avances en la reducci\u00f3n de su endeudamiento. En 2025, se espera que el ratio deuda\/PIB contin\u00fae disminuyendo, lo que contribuir\u00e1 a la estabilidad fiscal del pa\u00eds. Las pol\u00edticas fiscales y el control del gasto p\u00fablico han sido esenciales para asegurar que la deuda no represente un obst\u00e1culo para el crecimiento a largo plazo.<\/p>\n\n\n\n<p>En conclusi\u00f3n, Espa\u00f1a est\u00e1 experimentando un crecimiento econ\u00f3mico s\u00f3lido y saludable en 2025, posicion\u00e1ndose como una de las econom\u00edas m\u00e1s fuertes de Europa. La combinaci\u00f3n de un consumo robusto, una inversi\u00f3n creciente, una tasa de empleo positiva y un sector tur\u00edstico en auge est\u00e1n siendo los principales motores de este \u00e9xito. A pesar de los riesgos globales, las perspectivas a corto y medio plazo siguen siendo favorables, y Espa\u00f1a parece estar bien posicionada para seguir liderando el crecimiento econ\u00f3mico dentro de la eurozona en los pr\u00f3ximos a\u00f1os.<\/p>\n","protected":false},"excerpt":{"rendered":"<p>La econom\u00eda espa\u00f1ola se encuentra en una trayectoria de crecimiento s\u00f3lida, posicion\u00e1ndose como una de las econom\u00edas m\u00e1s din\u00e1micas de Europa en 2025. La previsi\u00f3n de crecimiento del 2,6% destaca entre los pa\u00edses de la eurozona, impulsada por el consumo interno y la inversi\u00f3n. En 2025, Espa\u00f1a se ha consolidado como uno de los motores<\/p>\n","protected":false},"author":1,"featured_media":0,"comment_status":"open","ping_status":"open","sticky":false,"template":"","format":"standard","meta":{"footnotes":""},"categories":[1],"tags":[],"class_list":["post-39","post","type-post","status-publish","format-standard","hentry","category-politica"],"_links":{"self":[{"href":"https:\/\/ithink.es\/index.php?rest_route=\/wp\/v2\/posts\/39","targetHints":{"allow":["GET"]}}],"collection":[{"href":"https:\/\/ithink.es\/index.php?rest_route=\/wp\/v2\/posts"}],"about":[{"href":"https:\/\/ithink.es\/index.php?rest_route=\/wp\/v2\/types\/post"}],"author":[{"embeddable":true,"href":"https:\/\/ithink.es\/index.php?rest_route=\/wp\/v2\/users\/1"}],"replies":[{"embeddable":true,"href":"https:\/\/ithink.es\/index.php?rest_route=%2Fwp%2Fv2%2Fcomments&post=39"}],"version-history":[{"count":1,"href":"https:\/\/ithink.es\/index.php?rest_route=\/wp\/v2\/posts\/39\/revisions"}],"predecessor-version":[{"id":40,"href":"https:\/\/ithink.es\/index.php?rest_route=\/wp\/v2\/posts\/39\/revisions\/40"}],"wp:attachment":[{"href":"https:\/\/ithink.es\/index.php?rest_route=%2Fwp%2Fv2%2Fmedia&parent=39"}],"wp:term":[{"taxonomy":"category","embeddable":true,"href":"https:\/\/ithink.es\/index.php?rest_route=%2Fwp%2Fv2%2Fcategories&post=39"},{"taxonomy":"post_tag","embeddable":true,"href":"https:\/\/ithink.es\/index.php?rest_route=%2Fwp%2Fv2%2Ftags&post=39"}],"curies":[{"name":"wp","href":"https:\/\/api.w.org\/{rel}","templated":true}]}}